{"id":12664,"date":"2023-11-07T18:36:52","date_gmt":"2023-11-07T17:36:52","guid":{"rendered":"https:\/\/www.capfito.com\/?p=12664"},"modified":"2023-12-05T11:00:18","modified_gmt":"2023-12-05T10:00:18","slug":"foire-monte-carlo-gastronomie","status":"publish","type":"post","link":"https:\/\/www.capfito.com\/fr\/2023\/11\/07\/foire-monte-carlo-gastronomie\/","title":{"rendered":"Foire Monte-Carlo GASTRONOMIE"},"content":{"rendered":"<p>Nous avons le plaisir de vous informer que CAPFITO sera pr\u00e9sent au Monte-Carlo Gastronomie dans la Principaut\u00e9 de Monaco du 24 au 27 novembre 2023 avec le stand N 76.<\/p>\n<p>Monte-Carlo Gastronomie offre aux visiteurs l&rsquo;opportunit\u00e9 de d\u00e9guster et d&rsquo;acheter des produits de haute qualit\u00e9, rigoureusement s\u00e9lectionn\u00e9s. Plus de 100 producteurs de sp\u00e9cialit\u00e9s gastronomiques fran\u00e7aises, italiennes et europ\u00e9ennes sur 2 500 m\u00b2 dans un cadre raffin\u00e9 et convivial.<\/p>\n<p>Pour sa 4\u00e8me \u00e9dition, le concours Maestro Chef r\u00e9unira 8 candidats. Chaque concurrent disposera d&rsquo;une heure pour pr\u00e9parer sa recette, et d&rsquo;une heure et demie lors de la finale.<\/p>\n<p><img decoding=\"async\" class=\"alignnone  wp-image-12684\" src=\"https:\/\/www.capfito.com\/wp-content\/uploads\/2023\/11\/Stand-monte-carlo-1-1-300x300.webp\" alt=\"\" width=\"195\" height=\"195\" srcset=\"https:\/\/www.capfito.com\/wp-content\/uploads\/2023\/11\/Stand-monte-carlo-1-1-300x300.webp 300w, https:\/\/www.capfito.com\/wp-content\/uploads\/2023\/11\/Stand-monte-carlo-1-1-scaled-430x430.webp 430w, https:\/\/www.capfito.com\/wp-content\/uploads\/2023\/11\/Stand-monte-carlo-1-1-150x150.webp 150w, https:\/\/www.capfito.com\/wp-content\/uploads\/2023\/11\/Stand-monte-carlo-1-1-scaled-700x700.webp 700w, https:\/\/www.capfito.com\/wp-content\/uploads\/2023\/11\/Stand-monte-carlo-1-1-800x800.webp 800w, https:\/\/www.capfito.com\/wp-content\/uploads\/2023\/11\/Stand-monte-carlo-1-1-768x768.webp 768w, https:\/\/www.capfito.com\/wp-content\/uploads\/2023\/11\/Stand-monte-carlo-1-1-1536x1536.webp 1536w, https:\/\/www.capfito.com\/wp-content\/uploads\/2023\/11\/Stand-monte-carlo-1-1-2048x2048.webp 2048w, https:\/\/www.capfito.com\/wp-content\/uploads\/2023\/11\/Stand-monte-carlo-1-1-860x860.webp 860w\" sizes=\"(max-width: 195px) 100vw, 195px\" \/>\u00a0 <img decoding=\"async\" class=\"alignnone  wp-image-12687\" src=\"https:\/\/www.capfito.com\/wp-content\/uploads\/2023\/11\/Stand-monte-carlo-1--300x300.webp\" alt=\"\" width=\"195\" height=\"195\" srcset=\"https:\/\/www.capfito.com\/wp-content\/uploads\/2023\/11\/Stand-monte-carlo-1--300x300.webp 300w, https:\/\/www.capfito.com\/wp-content\/uploads\/2023\/11\/Stand-monte-carlo-1--scaled-430x430.webp 430w, https:\/\/www.capfito.com\/wp-content\/uploads\/2023\/11\/Stand-monte-carlo-1--150x150.webp 150w, https:\/\/www.capfito.com\/wp-content\/uploads\/2023\/11\/Stand-monte-carlo-1--scaled-700x700.webp 700w, https:\/\/www.capfito.com\/wp-content\/uploads\/2023\/11\/Stand-monte-carlo-1--800x800.webp 800w, https:\/\/www.capfito.com\/wp-content\/uploads\/2023\/11\/Stand-monte-carlo-1--768x768.webp 768w, https:\/\/www.capfito.com\/wp-content\/uploads\/2023\/11\/Stand-monte-carlo-1--1536x1536.webp 1536w, https:\/\/www.capfito.com\/wp-content\/uploads\/2023\/11\/Stand-monte-carlo-1--2048x2048.webp 2048w, https:\/\/www.capfito.com\/wp-content\/uploads\/2023\/11\/Stand-monte-carlo-1--860x860.webp 860w\" sizes=\"(max-width: 195px) 100vw, 195px\" \/><\/p>\n<h3>Suivre Capfito sur les m\u00e9dias sociaux<\/h3>\n<p>Pour rester inform\u00e9, suivez Capfito sur les m\u00e9dias sociaux :<\/p>\n<p><a href=\"https:\/\/www.facebook.com\/profile.php?id=100063007101094\" target=\"_blank\" rel=\"noopener noreferrer\">Facebook<\/a><br \/>\n<a href=\"https:\/\/www.instagram.com\/capfito_srl\/\" target=\"_blank\" rel=\"noopener noreferrer\">Instagram<\/a><br \/>\n<a href=\"https:\/\/www.youtube.com\/channel\/UC1HQC_ZxVFvLxLXdxH7A48Q\" target=\"_blank\" rel=\"noopener noreferrer\">Youtube<\/a><br \/>\n<a href=\"https:\/\/www.linkedin.com\/company\/capfito\/\" target=\"_blank\" rel=\"noopener noreferrer\">Linkedin<\/a><\/p>\n<p>Si vous avez achet\u00e9 Capfito, laissez un commentaire sur notre produit.<br \/>\nLa satisfaction de nos clients est notre objectif, en \u00e9crivant un commentaire vous nous aiderez \u00e0 am\u00e9liorer notre produit.<\/p>\n<div><\/div>\n<div><strong>CARTE GOOGLE<\/strong><\/div>\n<div>Pour laisser un commentaire <a href=\"https:\/\/www.google.it\/maps\/place\/CAPFITO+Srl\/@45.0804206,7.6641669,17z\/data=!3m1!4b1!4m5!3m4!1s0x47886d88aa0925e3:0x6e217f5fa3e6c399!8m2!3d45.0804094!4d7.6663505\" target=\"_blank\" rel=\"noopener\"><strong>clicca qui<\/strong><\/a><\/div>\n","protected":false},"excerpt":{"rendered":"<p>Nous avons le plaisir de vous informer que CAPFITO sera pr\u00e9sent au Monte-Carlo Gastronomie dans la Principaut\u00e9 de Monaco du<\/p>\n","protected":false},"author":1,"featured_media":12658,"comment_status":"closed","ping_status":"closed","sticky":false,"template":"","format":"standard","meta":{"footnotes":""},"categories":[153,71],"tags":[176,194,193,195,228,196],"class_list":["post-12664","post","type-post","status-publish","format-standard","has-post-thumbnail","hentry","category-des-expositions","category-nouvelles-fr","tag-capsules-reutilisables","tag-capsules-reutilisables-compatibles-avec-nespresso","tag-capsules-reutilisables-nespresso","tag-choix-durable","tag-fiera-monte-carlo-gastronomie-2023-fr","tag-produit-100-italien"],"yoast_head":"<!-- This site is optimized with the Yoast SEO plugin v27.2 - https:\/\/yoast.com\/product\/yoast-seo-wordpress\/ -->\n<title>Foire Monte-Carlo GASTRONOMIE - Capfito - Capsule Nespresso ricaricabili<\/title>\n<meta name=\"description\" content=\"Capfito sera pr\u00e9sent \u00e0 la Foire Gastronomique de Monte-Carlo dans la Principaut\u00e9 de Monaco du 24 au 27 novembre 2023 stand N 76\" \/>\n<meta name=\"robots\" content=\"index, follow, max-snippet:-1, max-image-preview:large, max-video-preview:-1\" \/>\n<link rel=\"canonical\" href=\"https:\/\/www.capfito.com\/fr\/2023\/11\/07\/foire-monte-carlo-gastronomie\/\" \/>\n<meta property=\"og:locale\" content=\"fr_FR\" \/>\n<meta property=\"og:type\" content=\"article\" \/>\n<meta property=\"og:title\" content=\"Foire Monte-Carlo GASTRONOMIE - Capfito - Capsule Nespresso ricaricabili\" \/>\n<meta property=\"og:description\" content=\"Capfito sera pr\u00e9sent \u00e0 la Foire Gastronomique de Monte-Carlo dans la Principaut\u00e9 de Monaco du 24 au 27 novembre 2023 stand N 76\" \/>\n<meta property=\"og:url\" content=\"https:\/\/www.capfito.com\/fr\/2023\/11\/07\/foire-monte-carlo-gastronomie\/\" \/>\n<meta property=\"og:site_name\" content=\"Capfito - Capsule Nespresso ricaricabili\" \/>\n<meta property=\"article:published_time\" content=\"2023-11-07T17:36:52+00:00\" \/>\n<meta property=\"article:modified_time\" content=\"2023-12-05T10:00:18+00:00\" \/>\n<meta property=\"og:image\" content=\"https:\/\/www.capfito.com\/wp-content\/uploads\/2023\/11\/Monte-carlo-Gastronomie.jpg\" \/>\n\t<meta property=\"og:image:width\" content=\"898\" \/>\n\t<meta property=\"og:image:height\" content=\"898\" \/>\n\t<meta property=\"og:image:type\" content=\"image\/jpeg\" \/>\n<meta name=\"author\" content=\"Capfito capsule riutilizzabili\" \/>\n<meta name=\"twitter:card\" content=\"summary_large_image\" \/>\n<meta name=\"twitter:label1\" content=\"\u00c9crit par\" \/>\n\t<meta name=\"twitter:data1\" content=\"Capfito capsule riutilizzabili\" \/>\n\t<meta name=\"twitter:label2\" content=\"Dur\u00e9e de lecture estim\u00e9e\" \/>\n\t<meta name=\"twitter:data2\" content=\"2 minutes\" \/>\n<script type=\"application\/ld+json\" class=\"yoast-schema-graph\">{\"@context\":\"https:\/\/schema.org\",\"@graph\":[{\"@type\":\"Article\",\"@id\":\"https:\/\/www.capfito.com\/fr\/2023\/11\/07\/foire-monte-carlo-gastronomie\/#article\",\"isPartOf\":{\"@id\":\"https:\/\/www.capfito.com\/fr\/2023\/11\/07\/foire-monte-carlo-gastronomie\/\"},\"author\":{\"name\":\"Capfito capsule riutilizzabili\",\"@id\":\"https:\/\/www.capfito.com\/fr\/#\/schema\/person\/a21e64baeca5dd682baf7bf1a12c41e7\"},\"headline\":\"Foire Monte-Carlo GASTRONOMIE\",\"datePublished\":\"2023-11-07T17:36:52+00:00\",\"dateModified\":\"2023-12-05T10:00:18+00:00\",\"mainEntityOfPage\":{\"@id\":\"https:\/\/www.capfito.com\/fr\/2023\/11\/07\/foire-monte-carlo-gastronomie\/\"},\"wordCount\":165,\"publisher\":{\"@id\":\"https:\/\/www.capfito.com\/fr\/#organization\"},\"image\":{\"@id\":\"https:\/\/www.capfito.com\/fr\/2023\/11\/07\/foire-monte-carlo-gastronomie\/#primaryimage\"},\"thumbnailUrl\":\"https:\/\/www.capfito.com\/wp-content\/uploads\/2023\/11\/Monte-carlo-Gastronomie.jpg\",\"keywords\":[\"capsules r\u00e9utilisables\",\"Capsules r\u00e9utilisables compatibles avec Nespresso\",\"Capsules r\u00e9utilisables Nespresso\",\"choix durable\",\"Fiera Monte Carlo GASTRONOMIE 2023\",\"Produit 100% italien\"],\"articleSection\":[\"Des expositions\",\"Nouvelles\"],\"inLanguage\":\"fr-FR\"},{\"@type\":\"WebPage\",\"@id\":\"https:\/\/www.capfito.com\/fr\/2023\/11\/07\/foire-monte-carlo-gastronomie\/\",\"url\":\"https:\/\/www.capfito.com\/fr\/2023\/11\/07\/foire-monte-carlo-gastronomie\/\",\"name\":\"Foire Monte-Carlo GASTRONOMIE - Capfito - Capsule Nespresso ricaricabili\",\"isPartOf\":{\"@id\":\"https:\/\/www.capfito.com\/fr\/#website\"},\"primaryImageOfPage\":{\"@id\":\"https:\/\/www.capfito.com\/fr\/2023\/11\/07\/foire-monte-carlo-gastronomie\/#primaryimage\"},\"image\":{\"@id\":\"https:\/\/www.capfito.com\/fr\/2023\/11\/07\/foire-monte-carlo-gastronomie\/#primaryimage\"},\"thumbnailUrl\":\"https:\/\/www.capfito.com\/wp-content\/uploads\/2023\/11\/Monte-carlo-Gastronomie.jpg\",\"datePublished\":\"2023-11-07T17:36:52+00:00\",\"dateModified\":\"2023-12-05T10:00:18+00:00\",\"description\":\"Capfito sera pr\u00e9sent \u00e0 la Foire Gastronomique de Monte-Carlo dans la Principaut\u00e9 de Monaco du 24 au 27 novembre 2023 stand N 76\",\"inLanguage\":\"fr-FR\",\"potentialAction\":[{\"@type\":\"ReadAction\",\"target\":[\"https:\/\/www.capfito.com\/fr\/2023\/11\/07\/foire-monte-carlo-gastronomie\/\"]}]},{\"@type\":\"ImageObject\",\"inLanguage\":\"fr-FR\",\"@id\":\"https:\/\/www.capfito.com\/fr\/2023\/11\/07\/foire-monte-carlo-gastronomie\/#primaryimage\",\"url\":\"https:\/\/www.capfito.com\/wp-content\/uploads\/2023\/11\/Monte-carlo-Gastronomie.jpg\",\"contentUrl\":\"https:\/\/www.capfito.com\/wp-content\/uploads\/2023\/11\/Monte-carlo-Gastronomie.jpg\",\"width\":898,\"height\":898},{\"@type\":\"WebSite\",\"@id\":\"https:\/\/www.capfito.com\/fr\/#website\",\"url\":\"https:\/\/www.capfito.com\/fr\/\",\"name\":\"Capfito - Capsule Nespresso ricaricabili\",\"description\":\"Capsule riutilizzabili nespresso compatibili ecologiche\",\"publisher\":{\"@id\":\"https:\/\/www.capfito.com\/fr\/#organization\"},\"potentialAction\":[{\"@type\":\"SearchAction\",\"target\":{\"@type\":\"EntryPoint\",\"urlTemplate\":\"https:\/\/www.capfito.com\/fr\/?s={search_term_string}\"},\"query-input\":{\"@type\":\"PropertyValueSpecification\",\"valueRequired\":true,\"valueName\":\"search_term_string\"}}],\"inLanguage\":\"fr-FR\"},{\"@type\":\"Organization\",\"@id\":\"https:\/\/www.capfito.com\/fr\/#organization\",\"name\":\"Capfito - Capsule Nespresso ricaricabili\",\"url\":\"https:\/\/www.capfito.com\/fr\/\",\"logo\":{\"@type\":\"ImageObject\",\"inLanguage\":\"fr-FR\",\"@id\":\"https:\/\/www.capfito.com\/fr\/#\/schema\/logo\/image\/\",\"url\":\"https:\/\/www.capfito.com\/wp-content\/uploads\/2023\/02\/Logo_CAPFITO_pagamenti.jpg\",\"contentUrl\":\"https:\/\/www.capfito.com\/wp-content\/uploads\/2023\/02\/Logo_CAPFITO_pagamenti.jpg\",\"width\":570,\"height\":220,\"caption\":\"Capfito - Capsule Nespresso ricaricabili\"},\"image\":{\"@id\":\"https:\/\/www.capfito.com\/fr\/#\/schema\/logo\/image\/\"}},{\"@type\":\"Person\",\"@id\":\"https:\/\/www.capfito.com\/fr\/#\/schema\/person\/a21e64baeca5dd682baf7bf1a12c41e7\",\"name\":\"Capfito capsule riutilizzabili\",\"image\":{\"@type\":\"ImageObject\",\"inLanguage\":\"fr-FR\",\"@id\":\"https:\/\/secure.gravatar.com\/avatar\/f8f9b8d309b2fe0638a69c52e43af3a71aee5bd3880b767b71bcac00c2aaa532?s=96&d=mm&r=g\",\"url\":\"https:\/\/secure.gravatar.com\/avatar\/f8f9b8d309b2fe0638a69c52e43af3a71aee5bd3880b767b71bcac00c2aaa532?s=96&d=mm&r=g\",\"contentUrl\":\"https:\/\/secure.gravatar.com\/avatar\/f8f9b8d309b2fe0638a69c52e43af3a71aee5bd3880b767b71bcac00c2aaa532?s=96&d=mm&r=g\",\"caption\":\"Capfito capsule riutilizzabili\"},\"sameAs\":[\"https:\/\/www.capfito.com\"],\"url\":\"https:\/\/www.capfito.com\/fr\/author\/adm-capfito-capsule\/\"}]}<\/script>\n<!-- \/ Yoast SEO plugin. -->","yoast_head_json":{"title":"Foire Monte-Carlo GASTRONOMIE - Capfito - Capsule Nespresso ricaricabili","description":"Capfito sera pr\u00e9sent \u00e0 la Foire Gastronomique de Monte-Carlo dans la Principaut\u00e9 de Monaco du 24 au 27 novembre 2023 stand N 76","robots":{"index":"index","follow":"follow","max-snippet":"max-snippet:-1","max-image-preview":"max-image-preview:large","max-video-preview":"max-video-preview:-1"},"canonical":"https:\/\/www.capfito.com\/fr\/2023\/11\/07\/foire-monte-carlo-gastronomie\/","og_locale":"fr_FR","og_type":"article","og_title":"Foire Monte-Carlo GASTRONOMIE - Capfito - Capsule Nespresso ricaricabili","og_description":"Capfito sera pr\u00e9sent \u00e0 la Foire Gastronomique de Monte-Carlo dans la Principaut\u00e9 de Monaco du 24 au 27 novembre 2023 stand N 76","og_url":"https:\/\/www.capfito.com\/fr\/2023\/11\/07\/foire-monte-carlo-gastronomie\/","og_site_name":"Capfito - Capsule Nespresso ricaricabili","article_published_time":"2023-11-07T17:36:52+00:00","article_modified_time":"2023-12-05T10:00:18+00:00","og_image":[{"width":898,"height":898,"url":"https:\/\/www.capfito.com\/wp-content\/uploads\/2023\/11\/Monte-carlo-Gastronomie.jpg","type":"image\/jpeg"}],"author":"Capfito capsule riutilizzabili","twitter_card":"summary_large_image","twitter_misc":{"\u00c9crit par":"Capfito capsule riutilizzabili","Dur\u00e9e de lecture estim\u00e9e":"2 minutes"},"schema":{"@context":"https:\/\/schema.org","@graph":[{"@type":"Article","@id":"https:\/\/www.capfito.com\/fr\/2023\/11\/07\/foire-monte-carlo-gastronomie\/#article","isPartOf":{"@id":"https:\/\/www.capfito.com\/fr\/2023\/11\/07\/foire-monte-carlo-gastronomie\/"},"author":{"name":"Capfito capsule riutilizzabili","@id":"https:\/\/www.capfito.com\/fr\/#\/schema\/person\/a21e64baeca5dd682baf7bf1a12c41e7"},"headline":"Foire Monte-Carlo GASTRONOMIE","datePublished":"2023-11-07T17:36:52+00:00","dateModified":"2023-12-05T10:00:18+00:00","mainEntityOfPage":{"@id":"https:\/\/www.capfito.com\/fr\/2023\/11\/07\/foire-monte-carlo-gastronomie\/"},"wordCount":165,"publisher":{"@id":"https:\/\/www.capfito.com\/fr\/#organization"},"image":{"@id":"https:\/\/www.capfito.com\/fr\/2023\/11\/07\/foire-monte-carlo-gastronomie\/#primaryimage"},"thumbnailUrl":"https:\/\/www.capfito.com\/wp-content\/uploads\/2023\/11\/Monte-carlo-Gastronomie.jpg","keywords":["capsules r\u00e9utilisables","Capsules r\u00e9utilisables compatibles avec Nespresso","Capsules r\u00e9utilisables Nespresso","choix durable","Fiera Monte Carlo GASTRONOMIE 2023","Produit 100% italien"],"articleSection":["Des expositions","Nouvelles"],"inLanguage":"fr-FR"},{"@type":"WebPage","@id":"https:\/\/www.capfito.com\/fr\/2023\/11\/07\/foire-monte-carlo-gastronomie\/","url":"https:\/\/www.capfito.com\/fr\/2023\/11\/07\/foire-monte-carlo-gastronomie\/","name":"Foire Monte-Carlo GASTRONOMIE - Capfito - Capsule Nespresso ricaricabili","isPartOf":{"@id":"https:\/\/www.capfito.com\/fr\/#website"},"primaryImageOfPage":{"@id":"https:\/\/www.capfito.com\/fr\/2023\/11\/07\/foire-monte-carlo-gastronomie\/#primaryimage"},"image":{"@id":"https:\/\/www.capfito.com\/fr\/2023\/11\/07\/foire-monte-carlo-gastronomie\/#primaryimage"},"thumbnailUrl":"https:\/\/www.capfito.com\/wp-content\/uploads\/2023\/11\/Monte-carlo-Gastronomie.jpg","datePublished":"2023-11-07T17:36:52+00:00","dateModified":"2023-12-05T10:00:18+00:00","description":"Capfito sera pr\u00e9sent \u00e0 la Foire Gastronomique de Monte-Carlo dans la Principaut\u00e9 de Monaco du 24 au 27 novembre 2023 stand N 76","inLanguage":"fr-FR","potentialAction":[{"@type":"ReadAction","target":["https:\/\/www.capfito.com\/fr\/2023\/11\/07\/foire-monte-carlo-gastronomie\/"]}]},{"@type":"ImageObject","inLanguage":"fr-FR","@id":"https:\/\/www.capfito.com\/fr\/2023\/11\/07\/foire-monte-carlo-gastronomie\/#primaryimage","url":"https:\/\/www.capfito.com\/wp-content\/uploads\/2023\/11\/Monte-carlo-Gastronomie.jpg","contentUrl":"https:\/\/www.capfito.com\/wp-content\/uploads\/2023\/11\/Monte-carlo-Gastronomie.jpg","width":898,"height":898},{"@type":"WebSite","@id":"https:\/\/www.capfito.com\/fr\/#website","url":"https:\/\/www.capfito.com\/fr\/","name":"Capfito - Capsule Nespresso ricaricabili","description":"Capsule riutilizzabili nespresso compatibili ecologiche","publisher":{"@id":"https:\/\/www.capfito.com\/fr\/#organization"},"potentialAction":[{"@type":"SearchAction","target":{"@type":"EntryPoint","urlTemplate":"https:\/\/www.capfito.com\/fr\/?s={search_term_string}"},"query-input":{"@type":"PropertyValueSpecification","valueRequired":true,"valueName":"search_term_string"}}],"inLanguage":"fr-FR"},{"@type":"Organization","@id":"https:\/\/www.capfito.com\/fr\/#organization","name":"Capfito - Capsule Nespresso ricaricabili","url":"https:\/\/www.capfito.com\/fr\/","logo":{"@type":"ImageObject","inLanguage":"fr-FR","@id":"https:\/\/www.capfito.com\/fr\/#\/schema\/logo\/image\/","url":"https:\/\/www.capfito.com\/wp-content\/uploads\/2023\/02\/Logo_CAPFITO_pagamenti.jpg","contentUrl":"https:\/\/www.capfito.com\/wp-content\/uploads\/2023\/02\/Logo_CAPFITO_pagamenti.jpg","width":570,"height":220,"caption":"Capfito - Capsule Nespresso ricaricabili"},"image":{"@id":"https:\/\/www.capfito.com\/fr\/#\/schema\/logo\/image\/"}},{"@type":"Person","@id":"https:\/\/www.capfito.com\/fr\/#\/schema\/person\/a21e64baeca5dd682baf7bf1a12c41e7","name":"Capfito capsule riutilizzabili","image":{"@type":"ImageObject","inLanguage":"fr-FR","@id":"https:\/\/secure.gravatar.com\/avatar\/f8f9b8d309b2fe0638a69c52e43af3a71aee5bd3880b767b71bcac00c2aaa532?s=96&d=mm&r=g","url":"https:\/\/secure.gravatar.com\/avatar\/f8f9b8d309b2fe0638a69c52e43af3a71aee5bd3880b767b71bcac00c2aaa532?s=96&d=mm&r=g","contentUrl":"https:\/\/secure.gravatar.com\/avatar\/f8f9b8d309b2fe0638a69c52e43af3a71aee5bd3880b767b71bcac00c2aaa532?s=96&d=mm&r=g","caption":"Capfito capsule riutilizzabili"},"sameAs":["https:\/\/www.capfito.com"],"url":"https:\/\/www.capfito.com\/fr\/author\/adm-capfito-capsule\/"}]}},"_links":{"self":[{"href":"https:\/\/www.capfito.com\/fr\/wp-json\/wp\/v2\/posts\/12664","targetHints":{"allow":["GET"]}}],"collection":[{"href":"https:\/\/www.capfito.com\/fr\/wp-json\/wp\/v2\/posts"}],"about":[{"href":"https:\/\/www.capfito.com\/fr\/wp-json\/wp\/v2\/types\/post"}],"author":[{"embeddable":true,"href":"https:\/\/www.capfito.com\/fr\/wp-json\/wp\/v2\/users\/1"}],"replies":[{"embeddable":true,"href":"https:\/\/www.capfito.com\/fr\/wp-json\/wp\/v2\/comments?post=12664"}],"version-history":[{"count":5,"href":"https:\/\/www.capfito.com\/fr\/wp-json\/wp\/v2\/posts\/12664\/revisions"}],"predecessor-version":[{"id":12689,"href":"https:\/\/www.capfito.com\/fr\/wp-json\/wp\/v2\/posts\/12664\/revisions\/12689"}],"wp:featuredmedia":[{"embeddable":true,"href":"https:\/\/www.capfito.com\/fr\/wp-json\/wp\/v2\/media\/12658"}],"wp:attachment":[{"href":"https:\/\/www.capfito.com\/fr\/wp-json\/wp\/v2\/media?parent=12664"}],"wp:term":[{"taxonomy":"category","embeddable":true,"href":"https:\/\/www.capfito.com\/fr\/wp-json\/wp\/v2\/categories?post=12664"},{"taxonomy":"post_tag","embeddable":true,"href":"https:\/\/www.capfito.com\/fr\/wp-json\/wp\/v2\/tags?post=12664"}],"curies":[{"name":"wp","href":"https:\/\/api.w.org\/{rel}","templated":true}]}}